{"id":282,"date":"2022-06-12T08:52:13","date_gmt":"2022-06-12T06:52:13","guid":{"rendered":"http:\/\/carloo.be\/?p=282"},"modified":"2025-04-05T10:16:41","modified_gmt":"2025-04-05T08:16:41","slug":"dimanche-19-juin-a-15h30-fete-de-la-musique-a-uccle","status":"publish","type":"post","link":"https:\/\/carloo.be\/index.php\/2022\/06\/12\/dimanche-19-juin-a-15h30-fete-de-la-musique-a-uccle\/","title":{"rendered":"Dimanche 19 juin \u00e0 15h30 &#8211; F\u00eate de la musique \u00e0 Uccle."},"content":{"rendered":"\n<p>Carloo Cantores participera \u00e0 la f\u00eate de la musique sous l&rsquo;\u00e9gide de l&rsquo;asbl \u00ab\u00a0Saint Job qui bouge\u00a0\u00bb.<br> Entr\u00e9e libre. Bienvenue!<\/p>\n\n\n\n<figure class=\"wp-block-image\"><img decoding=\"async\" loading=\"lazy\" width=\"723\" height=\"1024\" src=\"http:\/\/carloo.be\/wp-content\/uploads\/2022\/06\/F\u00eate-de-la-musique-Uccle-17-21-juin-2022-Carloo-Cantores-Chorale-Uccle-723x1024.jpg\" alt=\"\" class=\"wp-image-283\" srcset=\"https:\/\/carloo.be\/wp-content\/uploads\/2022\/06\/F\u00eate-de-la-musique-Uccle-17-21-juin-2022-Carloo-Cantores-Chorale-Uccle-723x1024.jpg 723w, https:\/\/carloo.be\/wp-content\/uploads\/2022\/06\/F\u00eate-de-la-musique-Uccle-17-21-juin-2022-Carloo-Cantores-Chorale-Uccle-212x300.jpg 212w, https:\/\/carloo.be\/wp-content\/uploads\/2022\/06\/F\u00eate-de-la-musique-Uccle-17-21-juin-2022-Carloo-Cantores-Chorale-Uccle.jpg 763w\" sizes=\"(max-width: 723px) 100vw, 723px\" \/><\/figure>\n","protected":false},"excerpt":{"rendered":"<p>Carloo Cantores participera \u00e0 la f\u00eate de la musique sous l&rsquo;\u00e9gide de l&rsquo;asbl \u00ab\u00a0Saint Job qui bouge\u00a0\u00bb. Entr\u00e9e libre. Bienvenue!<\/p>\n","protected":false},"author":2,"featured_media":0,"comment_status":"open","ping_status":"open","sticky":false,"template":"","format":"standard","meta":[],"categories":[11],"tags":[],"_links":{"self":[{"href":"https:\/\/carloo.be\/index.php\/wp-json\/wp\/v2\/posts\/282"}],"collection":[{"href":"https:\/\/carloo.be\/index.php\/wp-json\/wp\/v2\/posts"}],"about":[{"href":"https:\/\/carloo.be\/index.php\/wp-json\/wp\/v2\/types\/post"}],"author":[{"embeddable":true,"href":"https:\/\/carloo.be\/index.php\/wp-json\/wp\/v2\/users\/2"}],"replies":[{"embeddable":true,"href":"https:\/\/carloo.be\/index.php\/wp-json\/wp\/v2\/comments?post=282"}],"version-history":[{"count":1,"href":"https:\/\/carloo.be\/index.php\/wp-json\/wp\/v2\/posts\/282\/revisions"}],"predecessor-version":[{"id":284,"href":"https:\/\/carloo.be\/index.php\/wp-json\/wp\/v2\/posts\/282\/revisions\/284"}],"wp:attachment":[{"href":"https:\/\/carloo.be\/index.php\/wp-json\/wp\/v2\/media?parent=282"}],"wp:term":[{"taxonomy":"category","embeddable":true,"href":"https:\/\/carloo.be\/index.php\/wp-json\/wp\/v2\/categories?post=282"},{"taxonomy":"post_tag","embeddable":true,"href":"https:\/\/carloo.be\/index.php\/wp-json\/wp\/v2\/tags?post=282"}],"curies":[{"name":"wp","href":"https:\/\/api.w.org\/{rel}","templated":true}]}}