{"id":79,"date":"2019-06-22T09:43:38","date_gmt":"2019-06-22T07:43:38","guid":{"rendered":"http:\/\/carloo.be\/?p=79"},"modified":"2022-12-07T15:50:39","modified_gmt":"2022-12-07T14:50:39","slug":"marianne-fleurus","status":"publish","type":"post","link":"https:\/\/carloo.be\/index.php\/2019\/06\/22\/marianne-fleurus\/","title":{"rendered":"Marianne Fleurus"},"content":{"rendered":"\n<p><strong>Marianne Fleurus<\/strong>, biblioth\u00e9caire-documentaliste de formation, actuellement assistante commerciale, a toujours eu comme passion premi\u00e8re la musique. El\u00e8ve de Janine Kinet, elle obtient \u00e0 19 ans le premier prix d\u2019Excellence en piano \u00e0 l\u2019Acad\u00e9mie de Musique de Watermael-Boitsfort. Depuis quelques ann\u00e9es, elle suit une formation d\u2019orgue avec Fran\u00e7ois Houtart et est titulaire de l\u2019orgue de l\u2019\u00e9glise Saint-Job \u00e0 Uccle. Elle a \u00e9galement suivi \u00a0un stage d\u2019orgue de l\u2019Anfol (France) avec Pascal Sabot.\u00a0 <\/p>\n\n\n\n<p>Membre de <strong><em>Carloo Cantores<\/em><\/strong> depuis plus de 20 ans, elle a suivi des cours de chant avec Coline Dutilleul, et a particip\u00e9 pendant plusieurs ann\u00e9es aux Master Classes de chant choral baroque \u00e0 Buis-les-Baronnies (France) sous la direction de Florent Mayet. Elle a \u00e9galement chant\u00e9 quelques concerts comme choriste renfort avec les Choeurs de l\u2019Union Europ\u00e9enne sous la direction de Dirk De Moor et a particip\u00e9 \u00e0 plusieurs stages de chant gr\u00e9gorien avec Fran\u00e7ois Houtart.\u00a0 <\/p>\n\n\n\n<p>Elle a aussi suivi une formation de chef de ch\u0153ur au sein d\u2019\u00c0 C\u0153ur Joie ainsi que des cours de direction de choeur avec \u00c9meline Burnotte.\u00a0 <\/p>\n\n\n\n<p>Marianne est \u00e9galement pr\u00e9sidente de l\u2019asbl Organum Novum dont le but est, entre autres, la promotion de l\u2019orgue, la d\u00e9fense du patrimoine organistique et l\u2019organisation de concerts en lien avec la musique d\u2019orgue.<\/p>\n\n\n\n<figure class=\"wp-block-image\"><img decoding=\"async\" loading=\"lazy\" width=\"1024\" height=\"684\" src=\"http:\/\/carloo.be\/wp-content\/uploads\/2021\/08\/Marianne-Fleurus-2-1024x684.jpg\" alt=\"\" class=\"wp-image-217\" srcset=\"https:\/\/carloo.be\/wp-content\/uploads\/2021\/08\/Marianne-Fleurus-2-1024x684.jpg 1024w, https:\/\/carloo.be\/wp-content\/uploads\/2021\/08\/Marianne-Fleurus-2-300x200.jpg 300w, https:\/\/carloo.be\/wp-content\/uploads\/2021\/08\/Marianne-Fleurus-2-768x513.jpg 768w\" sizes=\"(max-width: 1024px) 100vw, 1024px\" \/><\/figure>\n","protected":false},"excerpt":{"rendered":"<p>Marianne Fleurus, biblioth\u00e9caire-documentaliste de formation, actuellement assistante commerciale, a toujours eu comme passion premi\u00e8re la musique. El\u00e8ve de Janine Kinet, elle obtient \u00e0 19 ans le premier prix d\u2019Excellence en piano \u00e0 l\u2019Acad\u00e9mie de Musique de Watermael-Boitsfort. Depuis quelques ann\u00e9es, elle suit une formation d\u2019orgue avec Fran\u00e7ois Houtart et est titulaire de l\u2019orgue de l\u2019\u00e9glise [&hellip;]<\/p>\n","protected":false},"author":1,"featured_media":0,"comment_status":"closed","ping_status":"closed","sticky":false,"template":"","format":"standard","meta":[],"categories":[4],"tags":[],"_links":{"self":[{"href":"https:\/\/carloo.be\/index.php\/wp-json\/wp\/v2\/posts\/79"}],"collection":[{"href":"https:\/\/carloo.be\/index.php\/wp-json\/wp\/v2\/posts"}],"about":[{"href":"https:\/\/carloo.be\/index.php\/wp-json\/wp\/v2\/types\/post"}],"author":[{"embeddable":true,"href":"https:\/\/carloo.be\/index.php\/wp-json\/wp\/v2\/users\/1"}],"replies":[{"embeddable":true,"href":"https:\/\/carloo.be\/index.php\/wp-json\/wp\/v2\/comments?post=79"}],"version-history":[{"count":4,"href":"https:\/\/carloo.be\/index.php\/wp-json\/wp\/v2\/posts\/79\/revisions"}],"predecessor-version":[{"id":297,"href":"https:\/\/carloo.be\/index.php\/wp-json\/wp\/v2\/posts\/79\/revisions\/297"}],"wp:attachment":[{"href":"https:\/\/carloo.be\/index.php\/wp-json\/wp\/v2\/media?parent=79"}],"wp:term":[{"taxonomy":"category","embeddable":true,"href":"https:\/\/carloo.be\/index.php\/wp-json\/wp\/v2\/categories?post=79"},{"taxonomy":"post_tag","embeddable":true,"href":"https:\/\/carloo.be\/index.php\/wp-json\/wp\/v2\/tags?post=79"}],"curies":[{"name":"wp","href":"https:\/\/api.w.org\/{rel}","templated":true}]}}